{"id":778,"date":"2013-12-04T10:54:50","date_gmt":"2013-12-04T10:54:50","guid":{"rendered":"http:\/\/www.societadeborg.it\/wordpress\/?p=778"},"modified":"2022-11-03T11:08:10","modified_gmt":"2022-11-03T11:08:10","slug":"foi-de-borg-2","status":"publish","type":"post","link":"http:\/\/www.societadeborg.it\/?p=778","title":{"rendered":"Il Foi de&#8217; Borg: cos&#8217;\u00e8?"},"content":{"rendered":"<p style=\"text-align: center;\"><a href=\"http:\/\/issuu.com\/societadeborg\/docs\"><img decoding=\"async\" loading=\"lazy\" class=\"size-full wp-image-1968 aligncenter\" src=\"http:\/\/www.societadeborg.it\/wordpress\/wp-content\/uploads\/2013\/12\/Foi-de-Borg-titolo-web.jpg\" alt=\"Foi-de-Borg\" width=\"551\" height=\"126\" srcset=\"http:\/\/www.societadeborg.it\/wordpress\/wp-content\/uploads\/2013\/12\/Foi-de-Borg-titolo-web.jpg 551w, http:\/\/www.societadeborg.it\/wordpress\/wp-content\/uploads\/2013\/12\/Foi-de-Borg-titolo-web-300x68.jpg 300w\" sizes=\"(max-width: 551px) 100vw, 551px\" \/><\/a><\/p>\n<p>Il Foi de&#8217;Borg \u00e8 la piazzetta cartacea del nostro Borgo San Giuliano: dal momento che \u00e8 diventato sempre pi\u00f9 difficile aggregare storie e persone nei luoghi fisici del borgo, pi\u00f9 semplice \u00e8 stato definire un contenitore da far passare di mano in mano, a disposizione della comunit\u00e0 e della Societ\u00e0 de&#8217;Borg stessa (per approfondire i progetti e mantenere traccia delle iniziative presentate dall&#8217;associazione nel corso degli anni), che fosse terreno comune di scambio tra il vecchio e il nuovo.<br \/>\n<!--more--><\/p>\n<p>Come gran parte delle iniziative della Societ\u00e0 de&#8217;Borg anche il giornale conta su una redazione di volontari e sulla sponsorizzazione delle aziende e attivit\u00e0 commerciali sensibili al progetto.<br \/>\n<a href=\"http:\/\/www.societadeborg.it\/wordpress\/wp-content\/uploads\/2013\/08\/foideborg.png\"><img decoding=\"async\" loading=\"lazy\" class=\" wp-image-120 alignleft\" src=\"http:\/\/www.societadeborg.it\/wordpress\/wp-content\/uploads\/2013\/08\/foideborg.png\" alt=\"foideborg\" width=\"117\" height=\"160\" srcset=\"http:\/\/www.societadeborg.it\/wordpress\/wp-content\/uploads\/2013\/08\/foideborg.png 325w, http:\/\/www.societadeborg.it\/wordpress\/wp-content\/uploads\/2013\/08\/foideborg-219x300.png 219w\" sizes=\"(max-width: 117px) 100vw, 117px\" \/><\/a><br \/>\nIl Foi de&#8217;Borg \u00e8 un trimestrale (il calendario di uscite rimane comunque piuttosto flessibile) e ha una distribuzione di 3000 copie circa disponibili gratuitamente in tutte le edicole del centro e consegnate di casa in casa ai residenti del borgo e dintorni.<\/p>\n<p>Da sempre i principali punti di riferimento e pionieri del Foi de&#8217;Borg sono <strong>Giuliano Ghirardelli<\/strong>\u00a0e <strong>Mario Pasquinelli<\/strong> (di cui sto piano piano raccogliendo il testimone) attorno ai quali si \u00e8 composta un piccola costellazione di volonterosi collaboratori cambiata negli anni ma sempre piuttosto attiva: abbiamo avuto, per esempio, gli interventi critici ed energici su Rimini di Grazia Nardi, i racconti di borgata appassionati e teneri di Dino Spadoni (una delle voci pi\u00f9 care al borgo, scomparso pochi anni fa, purtroppo), l&#8217;ironica e sfacciata posta del cuore di Gnoli e tanti tanti altri.<br \/>\nConsiderare il giornale alla stregua di una piazzetta di quartiere viene anche dal tipo di proposta editoriale che, per quanto definisca di volta in volta delle linee guida da seguire, cerca di coltivare questa idea di incontro fortuito e fortunato (cercando di mantenere sempre e comunque una buona qualit\u00e0 di contenuto), di chiacchiera leggera che si affianca alla storia recuperata dal passato.<br \/>\nA volte si rischia di essere un po&#8217; autoreferenziali, \u00e8 vero; ma \u00e8 vero anche che chi si spende volontariamente per la sua comunit\u00e0, merita di avere uno spazio dove raccontarsi.<br \/>\nA questa piazza cartacea negli ultimi tempi cerchiamo di affiancare anche quella pi\u00f9 liquida ed estesa del web. Abbiamo iniziato dai primissimi passi come la costruzione dell&#8217;archivio online dei vecchi numeri e, con l&#8217;ausilio del nuovo sito della Societ\u00e0 de&#8217;Borg attualmente in fase di definizione, speriamo di dare un ulteriore respiro al progetto.<\/p>\n<p>Il Foi de&#8217;Borg resta molto amato (persino da fuori Rimini degli affezionati del borgo ce ne richiedono delle copie!) e resta un segnale fisico importante di presenza e di disponibilit\u00e0 all&#8217;ascolto per tutta la comunit\u00e0.<\/p>\n<p><strong>Cerchiamo sempre persone interessate a scrivere. Vuoi essere dei nostri?<\/strong><br \/>\n<strong> Scrivici a societadeborg@gmail.com<em><br \/>\n<\/em><\/strong><\/p>\n<p><em>Marianna Balducci<\/em><\/p>\n<p><a href=\"http:\/\/www.societadeborg.it\/wordpress\/wp-content\/uploads\/2013\/12\/Edizioni-Foi-de-borg.jpg\"><img decoding=\"async\" loading=\"lazy\" class=\"aligncenter size-medium wp-image-1970\" src=\"http:\/\/www.societadeborg.it\/wordpress\/wp-content\/uploads\/2013\/12\/Edizioni-Foi-de-borg-300x133.jpg\" alt=\"Edizioni Foi de borg\" width=\"300\" height=\"133\" srcset=\"http:\/\/www.societadeborg.it\/wordpress\/wp-content\/uploads\/2013\/12\/Edizioni-Foi-de-borg-300x133.jpg 300w, http:\/\/www.societadeborg.it\/wordpress\/wp-content\/uploads\/2013\/12\/Edizioni-Foi-de-borg.jpg 706w\" sizes=\"(max-width: 300px) 100vw, 300px\" \/><\/a><\/p>\n<p><strong>VOI LEGGERE SUL WEB, IL NOSTRO GIORNALE?<\/strong><\/p>\n<p><a href=\"http:\/\/issuu.com\/societadeborg\/docs\">Entra nella nostra edicola virtuale ISSU <\/a>e clicca la voce <strong>&#8220;Pubblicazioni&#8221;<\/strong> troverai tutte le copie digitalizzate, a tua disposizione.<\/p>\n<p>Buona lettura!!<\/p>\n","protected":false},"excerpt":{"rendered":"<p>Il Foi de&#8217;Borg \u00e8 la piazzetta cartacea del nostro Borgo San Giuliano: dal momento che \u00e8 diventato sempre pi\u00f9 difficile aggregare storie e persone nei luoghi fisici del borgo, pi\u00f9 semplice \u00e8 stato definire un contenitore da far passare di mano in mano, a disposizione della comunit\u00e0 e della Societ\u00e0 de&#8217;Borg stessa (per approfondire i progetti e mantenere traccia delle iniziative presentate dall&#8217;associazione nel corso degli anni), che fosse terreno comune di scambio tra il vecchio e il nuovo.<\/p>\n","protected":false},"author":1,"featured_media":0,"comment_status":"closed","ping_status":"closed","sticky":false,"template":"","format":"standard","meta":[],"categories":[8],"tags":[],"_links":{"self":[{"href":"http:\/\/www.societadeborg.it\/index.php?rest_route=\/wp\/v2\/posts\/778"}],"collection":[{"href":"http:\/\/www.societadeborg.it\/index.php?rest_route=\/wp\/v2\/posts"}],"about":[{"href":"http:\/\/www.societadeborg.it\/index.php?rest_route=\/wp\/v2\/types\/post"}],"author":[{"embeddable":true,"href":"http:\/\/www.societadeborg.it\/index.php?rest_route=\/wp\/v2\/users\/1"}],"replies":[{"embeddable":true,"href":"http:\/\/www.societadeborg.it\/index.php?rest_route=%2Fwp%2Fv2%2Fcomments&post=778"}],"version-history":[{"count":10,"href":"http:\/\/www.societadeborg.it\/index.php?rest_route=\/wp\/v2\/posts\/778\/revisions"}],"predecessor-version":[{"id":3216,"href":"http:\/\/www.societadeborg.it\/index.php?rest_route=\/wp\/v2\/posts\/778\/revisions\/3216"}],"wp:attachment":[{"href":"http:\/\/www.societadeborg.it\/index.php?rest_route=%2Fwp%2Fv2%2Fmedia&parent=778"}],"wp:term":[{"taxonomy":"category","embeddable":true,"href":"http:\/\/www.societadeborg.it\/index.php?rest_route=%2Fwp%2Fv2%2Fcategories&post=778"},{"taxonomy":"post_tag","embeddable":true,"href":"http:\/\/www.societadeborg.it\/index.php?rest_route=%2Fwp%2Fv2%2Ftags&post=778"}],"curies":[{"name":"wp","href":"https:\/\/api.w.org\/{rel}","templated":true}]}}