{"id":2538,"date":"2018-06-26T08:31:35","date_gmt":"2018-06-26T08:31:35","guid":{"rendered":"http:\/\/www.societadeborg.it\/?p=2538"},"modified":"2018-08-26T20:28:56","modified_gmt":"2018-08-26T20:28:56","slug":"2018-che-meraveja","status":"publish","type":"post","link":"http:\/\/www.societadeborg.it\/?p=2538","title":{"rendered":"2018 &#8211; Che Maraveja"},"content":{"rendered":"<p><a href=\"http:\/\/www.societadeborg.it\/wordpress\/wp-content\/uploads\/2018\/06\/FdB2018_banner1_web.jpg\"><img decoding=\"async\" loading=\"lazy\" class=\"aligncenter size-full wp-image-2649\" alt=\"FdB2018_banner1_web\" src=\"http:\/\/www.societadeborg.it\/wordpress\/wp-content\/uploads\/2018\/06\/FdB2018_banner1_web.jpg\" width=\"900\" height=\"512\" srcset=\"http:\/\/www.societadeborg.it\/wordpress\/wp-content\/uploads\/2018\/06\/FdB2018_banner1_web.jpg 900w, http:\/\/www.societadeborg.it\/wordpress\/wp-content\/uploads\/2018\/06\/FdB2018_banner1_web-300x170.jpg 300w\" sizes=\"(max-width: 900px) 100vw, 900px\" \/><\/a><\/p>\n<p><b>E\u2019 di nuovo Festa!<\/b><\/p>\n<p><span style=\"color: #ff0000;\"><b>CHE MARAVEJA \u2013 semplice, di tutti, la meraviglia<\/b><\/span><\/p>\n<p><span style=\"color: #ff9900;\"><b>Sabato 1\u00b0 e Domenica 2 settembre 2018<br \/>\n<span style=\"color: #0000ff;\">Anteprima<\/span>\u00a0 <span style=\"color: #000000;\">-solo piazza sull&#8217;acqua &#8211;\u00a0<\/span><span style=\"color: #0000ff;\">venerd\u00ec 31 agosto 2018\u00a0<\/span><\/b><\/span><\/p>\n<p><b>\u00a0<\/b>La\u00a0<b>XXI edizione della Festa de Borg<\/b>, tradizionale appuntamento biennale che anima lo stretto reticolo di viuzze del borgo dei pescatori di Rimini, sar\u00e0 dedicata quest\u2019anno alla MERAVIGLIA, sentimento di stupore e sorpresa, aspetto importante per la natura umana essendo legata alla curiosit\u00e0 e alla spinta all\u2019esplorazione.<br \/>\nCome da tradizione, il percorso proposto dalla Festa de Borg, partir\u00e0 dalle origini del borgo, dal suo vissuto, per ritrovare poi suggestioni, se non provocazioni, nell\u2019oggi.<\/p>\n<p>Vi anticipiamo alcune linee guida della Festa de Borg 2018<\/p>\n<p><b>L\u2019arcobaleno:<br \/>\n<\/b>L\u2019arcobaleno, sar\u00e0 la nostra metafora della meraviglia, perch\u00e9 per noi la meraviglia \u00e8 qualcosa innanzitutto di tutti, di gratuito e talvolta di sfuggente, di molto colorato e di semplice, di povero e di bellissimo.<\/p>\n<p><b>I colori del Borgo:<br \/>\n<\/b>Caratterizzer\u00e0 questa Festa, una particolare trasformazione cromatica delle vie che verranno colorate dai borghigiani secondo il loro estro, di zona in zona, richiamando la partitura dell\u2019arcobaleno metafora della Meraveja, semplice e di tutti.<\/p>\n<p><b>La location:<br \/>\n<\/b>Il Borgo San Giuliano tradizionalmente si apre alla citt\u00e0 e accoglier\u00e0 gli ospiti in due aree principali:<\/p>\n<ol>\n<li><b>le piazzette del borgo<\/b>(ciascuna dedicata, con le vie limitrofe, ad un preciso colore dell\u2019arcobaleno);<\/li>\n<li><b>l\u2019invaso \/ piazza sull\u2019acqua<\/b>dove avverranno come consuetudine i due principali momenti di spettacolo e condivisione collettiva del sabato e della domenica (con anteprima il venerd\u00ec)<\/li>\n<\/ol>\n<p>&nbsp;<\/p>\n<p><b>Il Festival del Mare:<br \/>\n<\/b>La XXI edizione della Festa de Borg \u00e8\u00a0<a href=\"http:\/\/www.societadeborg.it\/?page_id=2564\"><b>l\u2019Evento Faro di Rimini per il Festival del Mare 2018<\/b>, <\/a>manifestazione regionale dedicata alle marinerie della costa adriatica ed al nostro mare. Una parte della Festa de Borg omagger\u00e0 la marineria riminese e le radici del borgo San Giuliano, attraverso un percorso di visite guidate, esperienze che anticiperanno la Festa (periodo fine luglio\/ agosto) per poi offrire una serie di eventi nell\u2019ambito della Festa de Borg (cooking show, mostre ed allestimenti specifici per Il Festival del Mare 2018).<\/p>\n<p><b>A bassa tensione<br \/>\n<\/b>Tutti gli spettacoli e le performance che animeranno la XXI Festa de Borg avranno, come filo conduttore, quello della \u201cbassa tensione\u201d. Ci piace l\u2019idea di tornare alla meraviglia del semplice, allo spettacolo delicato, allo stupore delle piccole cose.<br \/>\nCi sar\u00e0 quindi spazio alla parola (nell\u2019azione teatrale come nella poesia) al gesto atletico e armonioso del circense, la musica suadente del Jazz come la potente armonia di una band affiatata.<\/p>\n<p>&nbsp;<\/p>\n<p><a href=\"http:\/\/www.societadeborg.it\/wordpress\/wp-content\/uploads\/2018\/06\/cartolina-festival-del-mare1web.jpg\"><img decoding=\"async\" loading=\"lazy\" class=\"aligncenter size-full wp-image-2540\" alt=\"cartolina-festival-del-mare1web\" src=\"http:\/\/www.societadeborg.it\/wordpress\/wp-content\/uploads\/2018\/06\/cartolina-festival-del-mare1web.jpg\" width=\"800\" height=\"386\" srcset=\"http:\/\/www.societadeborg.it\/wordpress\/wp-content\/uploads\/2018\/06\/cartolina-festival-del-mare1web.jpg 800w, http:\/\/www.societadeborg.it\/wordpress\/wp-content\/uploads\/2018\/06\/cartolina-festival-del-mare1web-300x144.jpg 300w\" sizes=\"(max-width: 800px) 100vw, 800px\" \/><\/a><\/p>\n<p><a href=\"http:\/\/www.societadeborg.it\/wordpress\/wp-content\/uploads\/2018\/06\/cartolina-festival-del-mare2web.jpg\"><img decoding=\"async\" loading=\"lazy\" class=\"aligncenter size-full wp-image-2541\" alt=\"cartolina-festival-del-mare2web\" src=\"http:\/\/www.societadeborg.it\/wordpress\/wp-content\/uploads\/2018\/06\/cartolina-festival-del-mare2web.jpg\" width=\"800\" height=\"378\" srcset=\"http:\/\/www.societadeborg.it\/wordpress\/wp-content\/uploads\/2018\/06\/cartolina-festival-del-mare2web.jpg 800w, http:\/\/www.societadeborg.it\/wordpress\/wp-content\/uploads\/2018\/06\/cartolina-festival-del-mare2web-300x141.jpg 300w\" sizes=\"(max-width: 800px) 100vw, 800px\" \/><\/a><\/p>\n<p>&nbsp;<\/p>\n","protected":false},"excerpt":{"rendered":"<p>E\u2019 di nuovo Festa! CHE MARAVEJA \u2013 semplice, di tutti, la meraviglia Sabato 1\u00b0 e Domenica 2 settembre 2018 Anteprima\u00a0 -solo piazza sull&#8217;acqua &#8211;\u00a0venerd\u00ec 31 agosto 2018\u00a0 \u00a0La\u00a0XXI edizione della Festa de Borg, tradizionale appuntamento biennale che anima lo stretto reticolo di viuzze del borgo dei pescatori di Rimini, sar\u00e0 dedicata quest\u2019anno alla MERAVIGLIA, sentimento di stupore e sorpresa, aspetto importante per la natura umana essendo legata alla curiosit\u00e0 e alla spinta all\u2019esplorazione. Come da tradizione, il percorso proposto dalla Festa de Borg, partir\u00e0 dalle origini del borgo, dal suo vissuto, per ritrovare poi suggestioni, se non provocazioni, nell\u2019oggi. Vi <a class=\"more-link\" href=\"http:\/\/www.societadeborg.it\/?p=2538\">Leggi tutto<\/a><\/p>\n","protected":false},"author":1,"featured_media":0,"comment_status":"closed","ping_status":"closed","sticky":false,"template":"","format":"standard","meta":[],"categories":[28,31],"tags":[],"_links":{"self":[{"href":"http:\/\/www.societadeborg.it\/index.php?rest_route=\/wp\/v2\/posts\/2538"}],"collection":[{"href":"http:\/\/www.societadeborg.it\/index.php?rest_route=\/wp\/v2\/posts"}],"about":[{"href":"http:\/\/www.societadeborg.it\/index.php?rest_route=\/wp\/v2\/types\/post"}],"author":[{"embeddable":true,"href":"http:\/\/www.societadeborg.it\/index.php?rest_route=\/wp\/v2\/users\/1"}],"replies":[{"embeddable":true,"href":"http:\/\/www.societadeborg.it\/index.php?rest_route=%2Fwp%2Fv2%2Fcomments&post=2538"}],"version-history":[{"count":5,"href":"http:\/\/www.societadeborg.it\/index.php?rest_route=\/wp\/v2\/posts\/2538\/revisions"}],"predecessor-version":[{"id":2650,"href":"http:\/\/www.societadeborg.it\/index.php?rest_route=\/wp\/v2\/posts\/2538\/revisions\/2650"}],"wp:attachment":[{"href":"http:\/\/www.societadeborg.it\/index.php?rest_route=%2Fwp%2Fv2%2Fmedia&parent=2538"}],"wp:term":[{"taxonomy":"category","embeddable":true,"href":"http:\/\/www.societadeborg.it\/index.php?rest_route=%2Fwp%2Fv2%2Fcategories&post=2538"},{"taxonomy":"post_tag","embeddable":true,"href":"http:\/\/www.societadeborg.it\/index.php?rest_route=%2Fwp%2Fv2%2Ftags&post=2538"}],"curies":[{"name":"wp","href":"https:\/\/api.w.org\/{rel}","templated":true}]}}