{"id":2362,"date":"2017-02-03T17:55:12","date_gmt":"2017-02-03T17:55:12","guid":{"rendered":"http:\/\/www.societadeborg.it\/?p=2362"},"modified":"2017-02-03T17:55:13","modified_gmt":"2017-02-03T17:55:13","slug":"gnoli-tci-un-bel-amig","status":"publish","type":"post","link":"http:\/\/www.societadeborg.it\/?p=2362","title":{"rendered":"Gnoli \u2026.t\u2019ci un bel amig!"},"content":{"rendered":"<p>Ci lasci cos\u00ec sul pi\u00f9 bello? Mercoled\u00ec sera eravamo tutti presi a parlare del nostro Borgo, delle cose fatte e di altre da fare. Nuovi stimoli, le attenzioni da prestare nello spirito del Borgo. Tu eri li con noi, con le tue battute sornioni per smorzare i toni e le preoccupazioni. Il Gnoli di sempre, il Gnoli che amiamo.<br \/>\nGioved\u00ec mattina, appena saputo&#8230; \u00a0abbiamo controllato il calendario\u2026 fosse mai il 1\u00b0 aprile.<br \/>\nBoh! Ne hai fatta un\u2019altra delle tue, caro Gnoli\u2026 e ci hai fragato!<br \/>\nPer noi sei qui. Da qualche parte sbucherai fuori con la tua inseparabile \u201cPenny\u201d.<br \/>\nMa se non tu fisicamente, lo saranno le tue idee ed il tuo spirito da borghigiano doc: borghigiano &#8220;non di nascita&#8221; ma di cuore e di testa.<br \/>\nDai Gnoli, <em>\u201cscapa fuori!\u201d<\/em><\/p>\n<p><strong><em>Gli Amici de &#8220;La Societ\u00e0 de Borg&#8221;<\/em><\/strong><\/p>\n<p>L&#8217;esequie di Giovanni Pazzini detto &#8220;Gnoli&#8221; si terranno sabato 4 febbraio 2017 &#8211; ore 9.30 &#8211; Parrocchia San Giuliano Martire<\/p>\n","protected":false},"excerpt":{"rendered":"<p>Ci lasci cos\u00ec sul pi\u00f9 bello? Mercoled\u00ec sera eravamo tutti presi a parlare del nostro Borgo, delle cose fatte e di altre da fare. Nuovi stimoli, le attenzioni da prestare nello spirito del Borgo. Tu eri li con noi, con le tue battute sornioni per smorzare i toni e le preoccupazioni. Il Gnoli di sempre, il Gnoli che amiamo. Gioved\u00ec mattina, appena saputo&#8230; \u00a0abbiamo controllato il calendario\u2026 fosse mai il 1\u00b0 aprile. Boh! Ne hai fatta un\u2019altra delle tue, caro Gnoli\u2026 e ci hai fragato! Per noi sei qui. Da qualche parte sbucherai fuori con la tua inseparabile \u201cPenny\u201d. Ma <a class=\"more-link\" href=\"http:\/\/www.societadeborg.it\/?p=2362\">Leggi tutto<\/a><\/p>\n","protected":false},"author":1,"featured_media":2363,"comment_status":"closed","ping_status":"closed","sticky":false,"template":"","format":"standard","meta":[],"categories":[28],"tags":[],"_links":{"self":[{"href":"http:\/\/www.societadeborg.it\/index.php?rest_route=\/wp\/v2\/posts\/2362"}],"collection":[{"href":"http:\/\/www.societadeborg.it\/index.php?rest_route=\/wp\/v2\/posts"}],"about":[{"href":"http:\/\/www.societadeborg.it\/index.php?rest_route=\/wp\/v2\/types\/post"}],"author":[{"embeddable":true,"href":"http:\/\/www.societadeborg.it\/index.php?rest_route=\/wp\/v2\/users\/1"}],"replies":[{"embeddable":true,"href":"http:\/\/www.societadeborg.it\/index.php?rest_route=%2Fwp%2Fv2%2Fcomments&post=2362"}],"version-history":[{"count":1,"href":"http:\/\/www.societadeborg.it\/index.php?rest_route=\/wp\/v2\/posts\/2362\/revisions"}],"predecessor-version":[{"id":2364,"href":"http:\/\/www.societadeborg.it\/index.php?rest_route=\/wp\/v2\/posts\/2362\/revisions\/2364"}],"wp:featuredmedia":[{"embeddable":true,"href":"http:\/\/www.societadeborg.it\/index.php?rest_route=\/wp\/v2\/media\/2363"}],"wp:attachment":[{"href":"http:\/\/www.societadeborg.it\/index.php?rest_route=%2Fwp%2Fv2%2Fmedia&parent=2362"}],"wp:term":[{"taxonomy":"category","embeddable":true,"href":"http:\/\/www.societadeborg.it\/index.php?rest_route=%2Fwp%2Fv2%2Fcategories&post=2362"},{"taxonomy":"post_tag","embeddable":true,"href":"http:\/\/www.societadeborg.it\/index.php?rest_route=%2Fwp%2Fv2%2Ftags&post=2362"}],"curies":[{"name":"wp","href":"https:\/\/api.w.org\/{rel}","templated":true}]}}