{"id":2348,"date":"2016-12-26T09:34:05","date_gmt":"2016-12-26T09:34:05","guid":{"rendered":"http:\/\/www.societadeborg.it\/?p=2348"},"modified":"2016-12-26T16:48:06","modified_gmt":"2016-12-26T16:48:06","slug":"convivio-calendario-2017","status":"publish","type":"post","link":"http:\/\/www.societadeborg.it\/?p=2348","title":{"rendered":"Convivio &#8211; Calendario 2017"},"content":{"rendered":"<p>\u201c<strong>Le Stagioni del Borgo<\/strong>\u201d, il calendario divenuto classico e atteso nel giro di pochi anni, \u00e8 offerto ai cittadini di Rimini da Conad Tiberio. Non \u00e8 per caso che per l&#8217;<strong>edizione 2017<\/strong> sia stato scelto il titolo <strong>CONVIVIO, vivere insieme<\/strong>. Ci ricorda da dove veniamo ed \u00e8 dedicato con amicizia e solidariet\u00e0, alla comunit\u00e0 di un territorio vicino colpita dal terremoto: si tratta di Montegallo nelle Marche in cui opera efficacemente la Protezione Civile riminese fin dai primi momenti di soccorso, successivi al sisma.<\/p>\n<p><strong>CONVIVIO<\/strong> scandisce i mesi attraverso le tante immagini di vita collettiva che narrano la socialit\u00e0 degli abitanti di San Giuliano nel Novecento, rievocando le relazioni di buon vicinato, caratteristica peculiare, un tempo, degli antichi borghi. Una vita semplice e aggregante si svolge tra i portolotti sulla sinistra del porto, intorno al Ponte di Tiberio e la bottega di Tonino, il Circolo Primo Maggio, luogo dei tanti convivi con musica, balli e giochi alle carte, giusto l\u00ec, sopra la sezione del PCI e poco distante dalla Parrocchia di San Giuliano Martire e il suo grande cortile, col catechismo e i giochi dei ragazzi; i passaggi delle Mille Miglia e la benzina dei Morri nella stazione di servizio di Via Carlo Zavagli, andando verso la spiaggia e il mare della Barafonda. Se era questo il miglior valore del Borgo San Giuliano nel secolo scorso, noi siamo orgogliosi del payoff (sottotitolo) altrettanto immateriale col quale si comunica Conad nel terzo millennio: Persone oltre le cose.<\/p>\n<p>Il contributo di \u20ac 2,00 per ogni copia (700 copie = \u20ac 1.400,00) interamente devoluto, rafforzer\u00e0 il gruzzolo che il<strong> Circolo ACLI della Parrocchia di San Giuliano Martire<\/strong>, in collaborazione con l\u2019Associazione dei Commercianti e altre associazioni parrocchiali, raccoglie durante le Festivit\u00e0 Natalizie, per destinarlo con modalit\u00e0 dirette e trasparenti all\u2019operativit\u00e0 dei nostri concittadini della Protezione Civile a Montegallo.<\/p>\n<p><strong>Le Stagioni del Borgo &#8211; Calendario Conad Tiberio<br \/>\n<\/strong>\u00e8 un\u2019idea di Manuela Fabbri per Conad Tiberio che ne cura la redazione e la direzione artistica.<\/p>\n<p><b>CONVIVIO, vivere insieme &#8211; edizione 2017<\/b><\/p>\n<p><i>con la collaborazione di<br \/>\n<\/i>Nadia Bizzocchi (Biblioteca Gambalunga, Rimini).<br \/>\nStefano Tonini, Luca Miserocchi e Mario Pasquinelli (Societ\u00e0 de Borg).<\/p>\n<p><i>si ringrazia per le immagini<br \/>\n<\/i>L&#8217;Archivio fotografico Biblioteca civica Gambalunga, Rimini.<br \/>\nCircolo Primo Maggio, tratte dal libro <i>Aldil\u00e0 del Ponte<\/i> (Centofiori onlus, 2013) a cura di\u00a0Giuliano Ghirardelli e Mario Pasquinelli.<br \/>\nLe famiglie del Borgo: Morri, Paganelli, Tasini, Tiberi.<\/p>\n<p><strong>Il Calendario \u00e8 in distribuzione al Conad Tiberio, Cinema Tiberio e Edicola del Borgo, viale Tiberio.<br \/>\n<\/strong>Il costo dell&#8217;intera campagna di comunicazione \u00e8 interamente sostenuto da Conad Tiberio.<br \/>\nIl contributo di 2,00 \u20ac per ogni singola copia sar\u00e0 totalmente devoluto al Progetto Montegallo &#8211; iniziativa post sisma curata da Circolo Acli San Giuliano.<\/p>\n<p><a href=\"http:\/\/www.societadeborg.it\/wordpress\/wp-content\/uploads\/2016\/12\/Calendario2017_2.jpg\"><img decoding=\"async\" loading=\"lazy\" class=\"alignleft size-large wp-image-2350\" alt=\"calendario2017_2\" src=\"http:\/\/www.societadeborg.it\/wordpress\/wp-content\/uploads\/2016\/12\/Calendario2017_2-768x1024.jpg\" width=\"690\" height=\"920\" srcset=\"http:\/\/www.societadeborg.it\/wordpress\/wp-content\/uploads\/2016\/12\/Calendario2017_2-768x1024.jpg 768w, http:\/\/www.societadeborg.it\/wordpress\/wp-content\/uploads\/2016\/12\/Calendario2017_2-225x300.jpg 225w\" sizes=\"(max-width: 690px) 100vw, 690px\" \/><\/a> <a href=\"http:\/\/www.societadeborg.it\/wordpress\/wp-content\/uploads\/2016\/12\/Calendario2017_3.jpg\"><img decoding=\"async\" loading=\"lazy\" class=\"alignleft size-large wp-image-2351\" alt=\"calendario2017_3\" src=\"http:\/\/www.societadeborg.it\/wordpress\/wp-content\/uploads\/2016\/12\/Calendario2017_3-768x1024.jpg\" width=\"690\" height=\"920\" srcset=\"http:\/\/www.societadeborg.it\/wordpress\/wp-content\/uploads\/2016\/12\/Calendario2017_3-768x1024.jpg 768w, http:\/\/www.societadeborg.it\/wordpress\/wp-content\/uploads\/2016\/12\/Calendario2017_3-225x300.jpg 225w\" sizes=\"(max-width: 690px) 100vw, 690px\" \/><\/a> <a href=\"http:\/\/www.societadeborg.it\/wordpress\/wp-content\/uploads\/2016\/12\/Calendario2017_4.jpg\"><img decoding=\"async\" loading=\"lazy\" class=\"alignleft size-large wp-image-2352\" alt=\"calendario2017_4\" src=\"http:\/\/www.societadeborg.it\/wordpress\/wp-content\/uploads\/2016\/12\/Calendario2017_4-768x1024.jpg\" width=\"690\" height=\"920\" srcset=\"http:\/\/www.societadeborg.it\/wordpress\/wp-content\/uploads\/2016\/12\/Calendario2017_4-768x1024.jpg 768w, http:\/\/www.societadeborg.it\/wordpress\/wp-content\/uploads\/2016\/12\/Calendario2017_4-225x300.jpg 225w\" sizes=\"(max-width: 690px) 100vw, 690px\" \/><\/a> <a href=\"http:\/\/www.societadeborg.it\/wordpress\/wp-content\/uploads\/2016\/12\/Calendario2017_5.jpg\"><img decoding=\"async\" loading=\"lazy\" class=\"alignleft size-large wp-image-2353\" alt=\"calendario2017_5\" src=\"http:\/\/www.societadeborg.it\/wordpress\/wp-content\/uploads\/2016\/12\/Calendario2017_5-768x1024.jpg\" width=\"690\" height=\"920\" srcset=\"http:\/\/www.societadeborg.it\/wordpress\/wp-content\/uploads\/2016\/12\/Calendario2017_5-768x1024.jpg 768w, http:\/\/www.societadeborg.it\/wordpress\/wp-content\/uploads\/2016\/12\/Calendario2017_5-225x300.jpg 225w\" sizes=\"(max-width: 690px) 100vw, 690px\" \/><\/a> <a href=\"http:\/\/www.societadeborg.it\/wordpress\/wp-content\/uploads\/2016\/12\/Calendario2017_6.jpg\"><img decoding=\"async\" loading=\"lazy\" class=\"alignleft size-large wp-image-2354\" alt=\"calendario2017_6\" src=\"http:\/\/www.societadeborg.it\/wordpress\/wp-content\/uploads\/2016\/12\/Calendario2017_6-768x1024.jpg\" width=\"690\" height=\"920\" srcset=\"http:\/\/www.societadeborg.it\/wordpress\/wp-content\/uploads\/2016\/12\/Calendario2017_6-768x1024.jpg 768w, http:\/\/www.societadeborg.it\/wordpress\/wp-content\/uploads\/2016\/12\/Calendario2017_6-225x300.jpg 225w\" sizes=\"(max-width: 690px) 100vw, 690px\" \/><\/a><\/p>\n<p>&nbsp;<\/p>\n<p><strong>\u00a0<\/strong><\/p>\n","protected":false},"excerpt":{"rendered":"<p>\u201cLe Stagioni del Borgo\u201d, il calendario divenuto classico e atteso nel giro di pochi anni, \u00e8 offerto ai cittadini di Rimini da Conad Tiberio. Non \u00e8 per caso che per l&#8217;edizione 2017 sia stato scelto il titolo CONVIVIO, vivere insieme. Ci ricorda da dove veniamo ed \u00e8 dedicato con amicizia e solidariet\u00e0, alla comunit\u00e0 di un territorio vicino colpita dal terremoto: si tratta di Montegallo nelle Marche in cui opera efficacemente la Protezione Civile riminese fin dai primi momenti di soccorso, successivi al sisma. CONVIVIO scandisce i mesi attraverso le tante immagini di vita collettiva che narrano la socialit\u00e0 degli <a class=\"more-link\" href=\"http:\/\/www.societadeborg.it\/?p=2348\">Leggi tutto<\/a><\/p>\n","protected":false},"author":1,"featured_media":2359,"comment_status":"closed","ping_status":"closed","sticky":false,"template":"","format":"standard","meta":[],"categories":[11,28],"tags":[53],"_links":{"self":[{"href":"http:\/\/www.societadeborg.it\/index.php?rest_route=\/wp\/v2\/posts\/2348"}],"collection":[{"href":"http:\/\/www.societadeborg.it\/index.php?rest_route=\/wp\/v2\/posts"}],"about":[{"href":"http:\/\/www.societadeborg.it\/index.php?rest_route=\/wp\/v2\/types\/post"}],"author":[{"embeddable":true,"href":"http:\/\/www.societadeborg.it\/index.php?rest_route=\/wp\/v2\/users\/1"}],"replies":[{"embeddable":true,"href":"http:\/\/www.societadeborg.it\/index.php?rest_route=%2Fwp%2Fv2%2Fcomments&post=2348"}],"version-history":[{"count":1,"href":"http:\/\/www.societadeborg.it\/index.php?rest_route=\/wp\/v2\/posts\/2348\/revisions"}],"predecessor-version":[{"id":2355,"href":"http:\/\/www.societadeborg.it\/index.php?rest_route=\/wp\/v2\/posts\/2348\/revisions\/2355"}],"wp:featuredmedia":[{"embeddable":true,"href":"http:\/\/www.societadeborg.it\/index.php?rest_route=\/wp\/v2\/media\/2359"}],"wp:attachment":[{"href":"http:\/\/www.societadeborg.it\/index.php?rest_route=%2Fwp%2Fv2%2Fmedia&parent=2348"}],"wp:term":[{"taxonomy":"category","embeddable":true,"href":"http:\/\/www.societadeborg.it\/index.php?rest_route=%2Fwp%2Fv2%2Fcategories&post=2348"},{"taxonomy":"post_tag","embeddable":true,"href":"http:\/\/www.societadeborg.it\/index.php?rest_route=%2Fwp%2Fv2%2Ftags&post=2348"}],"curies":[{"name":"wp","href":"https:\/\/api.w.org\/{rel}","templated":true}]}}