{"id":2297,"date":"2016-08-10T08:20:04","date_gmt":"2016-08-10T08:20:04","guid":{"rendered":"http:\/\/www.societadeborg.it\/?p=2297"},"modified":"2016-08-30T08:25:52","modified_gmt":"2016-08-30T08:25:52","slug":"perfect-day-tanimodi-le-7-aree-della-condivisione","status":"publish","type":"post","link":"http:\/\/www.societadeborg.it\/?p=2297","title":{"rendered":"Perfect Day&#8230; tanimodi! Le 7 aree della condivisione"},"content":{"rendered":"<p>&nbsp;<\/p>\n<p><a href=\"http:\/\/www.societadeborg.it\/wordpress\/wp-content\/uploads\/2016\/08\/banner-tuttiWEBDEF.jpg\"><img decoding=\"async\" loading=\"lazy\" class=\"alignleft size-large wp-image-2298\" alt=\"banner tuttiWEBDEF\" src=\"http:\/\/www.societadeborg.it\/wordpress\/wp-content\/uploads\/2016\/08\/banner-tuttiWEBDEF-1024x483.jpg\" width=\"690\" height=\"325\" srcset=\"http:\/\/www.societadeborg.it\/wordpress\/wp-content\/uploads\/2016\/08\/banner-tuttiWEBDEF-1024x483.jpg 1024w, http:\/\/www.societadeborg.it\/wordpress\/wp-content\/uploads\/2016\/08\/banner-tuttiWEBDEF-300x141.jpg 300w, http:\/\/www.societadeborg.it\/wordpress\/wp-content\/uploads\/2016\/08\/banner-tuttiWEBDEF.jpg 1694w\" sizes=\"(max-width: 690px) 100vw, 690px\" \/><\/a><\/p>\n<p>Abbiamo diviso il borgo in 7 aree tematiche e, nei giorni della festa, vi doteremo di mappa per orientarvi meglio. Nel frattempo ve le raccontiamo e in fondo al post trovate la mappa con la sintesi del programma definitivo!<\/p>\n<p><strong>E IL PROGRAMMA DEGLI SPETTACOLI DIVISO PER VIE E PIAZZETTE?<\/strong><\/p>\n<p style=\"text-align: center;\"><strong><a href=\"http:\/\/www.societadeborg.it\/\" target=\"_blank\">&gt;&gt;CLICCA QUI&lt;&lt;<\/a><\/strong><\/p>\n<p>&nbsp;<\/p>\n<p><a href=\"http:\/\/www.societadeborg.it\/wordpress\/wp-content\/uploads\/2016\/08\/futuro-con-titoloWEBDEF.jpg\"><img decoding=\"async\" loading=\"lazy\" class=\"alignleft  wp-image-2302\" alt=\"futuro - con titoloWEBDEF\" src=\"http:\/\/www.societadeborg.it\/wordpress\/wp-content\/uploads\/2016\/08\/futuro-con-titoloWEBDEF-309x1024.jpg\" width=\"247\" height=\"819\" \/><\/a><\/p>\n<p><strong>CONDIVIDERE IL FUTURO<\/strong><\/p>\n<p>&nbsp;<\/p>\n<p>Per noi il Futuro \u00e8 un \u201caugurarsi\u201d che si rimbocca le maniche: I wish you a perfect day.<\/p>\n<p>E per noi la perfezione non \u00e8 un valore assoluto o che non muta. La societ\u00e0 perfetta, la comunit\u00e0 perfetta \u00e8 quella in divenire e del divenire. Quella capace di lavorare ogni giorno per una creazione continua. Quella che &#8211; per intenderci &#8211; sa che c&#8217;\u00e8 sempre qualcosa da fare e che non c&#8217;\u00e8 Sabato, o Domenica o Venerd\u00ec da osservare se c&#8217;\u00e8 qualcosa da fare.<\/p>\n<p>Condividere il Futuro \u00e8 allora mettere al centro questa volont\u00e0 e capacit\u00e0 di trasmettere vitalit\u00e0, obiettivi comuni, tensione a colmare la distanza tra l\u2019Io e Gli Altri con una serie di azioni concrete e necessarie messe in atto assieme per il futuro di tutti.<\/p>\n<p>&nbsp;<\/p>\n<p><em>Condividere il Futuro \u00e8 l&#8217;area che ospiter\u00e0&#8230;<\/em><\/p>\n<p>GRANDI VISIONI: le grandi visioni dei pi\u00f9 piccoli in un video messaggio pensato apposta per tutta la citt\u00e0.<\/p>\n<p>INVOCAZIONE ALL&#8217;UMANO: un&#8217;espressione di fiducia nei confronti dell&#8217;umanit\u00e0, una grande preghiera collettiva al di l\u00e0 di ogni differenza e all&#8217;insegna dell&#8217;integrazione.<\/p>\n<p>6 GRADI DI PERFEZIONE: il grande spettacolo del sabato sera, in collaborazione con la Sagra Musicale Malatestiana.<\/p>\n<p>LA SPERANZA DIVAMPA: lo show a pelo dell&#8217;acqua della domenica, con la Mutoid Waste Company e i fuochi d&#8217;artificio Scarpato Pirotecnica.<\/p>\n<p>PERFECT PARADA: l&#8217;apertura delle danze all&#8217;insegna della consueta goliardia borghigiana.<\/p>\n<p>&nbsp;<\/p>\n<p><a href=\"http:\/\/www.societadeborg.it\/wordpress\/wp-content\/uploads\/2016\/08\/pianeta-con-titoloWEBEDEF.jpg\"><img decoding=\"async\" loading=\"lazy\" class=\"alignleft  wp-image-2304\" alt=\"pianeta-con titoloWEBEDEF\" src=\"http:\/\/www.societadeborg.it\/wordpress\/wp-content\/uploads\/2016\/08\/pianeta-con-titoloWEBEDEF-309x1024.jpg\" width=\"247\" height=\"819\" \/><\/a><\/p>\n<p><strong>CONDIVIDERE IL PIANETA<\/strong><\/p>\n<p>La giornata perfetta raccontata a partire dal riciclo e dal riuso, dal green. Dove pareti di verde verticale abbelliranno le nostre strade e piazze, dove i lampioni avranno bisogno del tuo aiuto per illuminarsi, dove tutto sar\u00e0 un dono riusabile e condivisibile senza fine. Nel cuore del borgo sperimenteremo un&#8217;area dedicata alla condivisione del Pianeta, intesa come area in cui<\/p>\n<p>cercheremo di avvicinarci il pi\u00f9 possibile a quell&#8217;idea di Pacha Mama che in modo tanto caro ci tramanda la cultura Indios&#8230; ci porremo quindi in ascolto del Pianeta cercando di migliorare le nostre abitudini di vita. Come? Lo faremo ammantandoci innanzitutto di \u201cbello ecologico\u201d grazie all&#8217;attivit. del CiViVo FarmBorg che da mesi sta riqualificando in chiave green quest&#8217;area del borgo. E poi lo faremo attraverso l&#8217;opera creativa e colorata della Casa sull&#8217;albero che riempir\u00e0 piazze e viuzze di arredi provenienti dalla cultura del riuso, lo faremo con un Green Lab dell&#8217;ascolto allestito in piazza Pozzetto, ma anche in via Padella dove i lampioni si illumineranno di luce \u201csostenibile\u201d<\/p>\n<p>(si accenderanno solo se qualcuno avr\u00e0 voglia di pedalare) &#8230;e infine lo realizzeremo in piazza Gabena dove anche la musica si far. a km zero lasciando posto a musicisti e artisti del borgo.<\/p>\n<p>&nbsp;<\/p>\n<p><em>Condividere il Pianeta \u00e8 l&#8217;area che ospiter\u00e0&#8230;<\/em><\/p>\n<p>LA STRADA CHE NON C&#8217;ERA: una nuova installazione permanente in piazzetta Gabena per aprire idealmente la strada della condivisione.<\/p>\n<p>LA MOSTRA DEI QUADRI GRASSI: una galleria a cielo aperto in cui la tavolozza degli artisti la riempiono piante, fiori, bulbi e materiali tutti recuperati.<\/p>\n<p>LA BOTTEGA DELL&#8217;OGGI E DEL DOMANI: in compagnia di artigiani e musicisti, ci saranno giochi e spettacoli per far dialogare presente e passato.<\/p>\n<p>BICICLETTANDO NEL BUIO: se siete bravi pedalatori, potete sperimentare con noi questo pazzo nuovo modo di gestire, per una sera, le vostre energie illuminando il quartiere!<\/p>\n<p>IL PALLET DAL CUORE VERDE: giardini e orti low cost per tutti i gusti e tutti gli spazi.<\/p>\n<p>&nbsp;<\/p>\n<p><a href=\"http:\/\/www.societadeborg.it\/wordpress\/wp-content\/uploads\/2016\/08\/benessere-con-titoloWEBDEF.jpg\"><img decoding=\"async\" loading=\"lazy\" class=\"alignleft  wp-image-2307\" alt=\"benessere - con titoloWEBDEF\" src=\"http:\/\/www.societadeborg.it\/wordpress\/wp-content\/uploads\/2016\/08\/benessere-con-titoloWEBDEF-309x1024.jpg\" width=\"247\" height=\"819\" \/><\/a><\/p>\n<p><strong>CONDIVIDERE IL BENESSERE<\/strong><\/p>\n<p>&nbsp;<\/p>\n<p>Tra le tematiche della Festa l\u2019area della \u201cCondivisione del Benessere\u201d, soprattutto oggigiorno, svolge un ruolo fondamentale, per ragioni mediche, sociali, culturali. Un corretto stile di vita e\u2000 la base per una persona in salute. La Societ\u00e0 de\u2019 Borg, in collaborazione con famoso Personal Trainer, Luca Ruggeri, ha stilato un programma estremamente coinvolgente. Ah&#8230;amarcmand &#8230;non \u00e8 mica un Fiera del Fitness, non vi aspettate un gran casino, ma piuttosto piccoli eventi che richiedono la<\/p>\n<p>Vostra collaborazione ed appoggio. Venite a provare la nostra Gym Borg ad esempio!<\/p>\n<p>&nbsp;<\/p>\n<p><em>Condividere il Benessere \u00e8 l&#8217;area che ospiter\u00e0&#8230;<\/em><\/p>\n<p>DIMOSTRAZIONI, SESSIONI DI PROVA, ATTIVIT\u00c0 PER ADULTI E BAMBINI, all&#8217;insegna del benessere e della salute. Questa nuova area che animer\u00e0 per la prima volta anche di giorno la festa e il Parco Marecchia, \u00e8 a cura di Studio Kiros, Luca Ruggeri Personal Trainer, Associazione Arbor Vitae, Associazione La Pedivella, Asd Tiberio Wellness.<\/p>\n<p><a href=\"http:\/\/www.societadeborg.it\/?p=2325\">\u00a0&gt;&gt;Il programma completo di quest&#8217;area lo trovi qui&lt;&lt;<\/a><\/p>\n<p>&nbsp;<\/p>\n<p>&nbsp;<\/p>\n<p>&nbsp;<\/p>\n<p><a href=\"http:\/\/www.societadeborg.it\/wordpress\/wp-content\/uploads\/2016\/08\/innovazione-con-titoloWEBDEF.jpg\"><img decoding=\"async\" loading=\"lazy\" class=\"wp-image-2309 alignright\" alt=\"innovazione - con titoloWEBDEF\" src=\"http:\/\/www.societadeborg.it\/wordpress\/wp-content\/uploads\/2016\/08\/innovazione-con-titoloWEBDEF-309x1024.jpg\" width=\"247\" height=\"819\" \/><\/a><\/p>\n<p>&nbsp;<\/p>\n<p>&nbsp;<\/p>\n<p>&nbsp;<\/p>\n<p>&nbsp;<\/p>\n<p><strong>CONDIVIDERE L&#8217;INNOVAZIONE<\/strong><\/p>\n<p>&nbsp;<\/p>\n<p>La giornata perfetta raccontata a partire da un FabLab a cielo aperto e da esperienze di impresa, dove il sapere e il saper fare non \u00e8 un brevetto per arricchirsi, ma una fucina di lavoro e condivisione, dove il ritmo muove l\u2019innovazione e l\u2019innovazione \u00e8 creazione.<\/p>\n<p>&nbsp;<\/p>\n<p><em>Condividere l&#8217;Innovazione \u00e8 l&#8217;area che ospiter\u00e0&#8230;<\/em><\/p>\n<p>LABORATORI DI INNOVAZIONE: in collaborazione con MakeRN avremo dimostrazioni, laboratori, progetti che mostreranno alcune applicazioni possibili di questo \u201cnuovo artigianato\u201d.<\/p>\n<p>Vi mostreremo anche i progetti finalisti del concorso lanciato prima della festa. Avrete occasione di toccare con mano stampanti 3d, capire meglio come si avvia una nuova impresa creativa, conoscere strumenti utili come il crowdfunding, fare due chiacchiere con i nostri ospiti esperti di innovazione!<\/p>\n<p>&nbsp;<\/p>\n<p>&nbsp;<\/p>\n<p>&nbsp;<\/p>\n<p><a href=\"http:\/\/www.societadeborg.it\/wordpress\/wp-content\/uploads\/2016\/08\/tavola-con-titoloWEBDEF.jpg\"><img decoding=\"async\" loading=\"lazy\" class=\"alignleft  wp-image-2313\" alt=\"tavola - con titoloWEBDEF\" src=\"http:\/\/www.societadeborg.it\/wordpress\/wp-content\/uploads\/2016\/08\/tavola-con-titoloWEBDEF-309x1024.jpg\" width=\"247\" height=\"819\" \/><\/a><\/p>\n<p><strong>CONDIVIDERE LA TAVOLA<\/strong><\/p>\n<p>Dove un pezzo dimenticato di Borgo diventa la Regina della Festa, dove aggiungere un posto a tavola \u00e8 di regola, dove le radici parlano con la delicatezza ospitale di un gusto, di un sapore, di un odore. E dove il buono diventa anche il bene che possiamo fare alla terra, ai suoi frutti e alla ricchezza stagionale delle sue biodiversit\u00e0. C\u2019\u00e8 un luogo che ci sta tanto a cuore. Forse uno dei<\/p>\n<p>luoghi pi. dimenticati del borgo ma anche pi\u00f9 suggestivi. Da anni insistiamo a voler portare vita e riqualificazione sulla sponda del canale (detta \u201cbanchina\u201d) lungo via Marecchia. Negli anni, da volontari, prima l\u2019abbiamo pulita, poi assieme all\u2019amministrazione l\u2019abbiamo stabilizzata, poi l\u2019abbiamo resa viva con eventi, degustazioni, cinema all\u2019aperto. Per la prossima festa de Borg la vorremmo \u201cconsacrare\u201d al buono, alla tavola, al gusto e alla condivisione di tutte queste cose.<\/p>\n<p>&nbsp;<\/p>\n<p><em>Condividere la Tavola \u00e8 l&#8217;area che ospiter\u00e0&#8230;<\/em><\/p>\n<p>CIBO PER TUTTI: variet\u00e0 gastronomica, dal cibo tradizionale presente da sempre nei nostri stand a un nuovo men\u00f9 per celiaci e per vegetariani.<\/p>\n<p>QUANDO LE TAVOLE DIVENTANO VERDI: in collaborazione con Giardini d&#8217;autore, avremo delle gustose incursioni di prodotti da orto sulle nostre tavolate.<\/p>\n<p>E saranno in prima linea con noi anche EmporioRimini, un progetto contro lo spreco alimentare e a favore dell&#8217;inclusione sociale, e Caff\u00e8 Ceccarelli.<\/p>\n<p>&nbsp;<\/p>\n<p><a href=\"http:\/\/www.societadeborg.it\/wordpress\/wp-content\/uploads\/2016\/08\/viaggi-culture-con-titoloWEBDEF.jpg\"><img decoding=\"async\" loading=\"lazy\" class=\" wp-image-2315 alignright\" alt=\"viaggi culture - con titoloWEBDEF\" src=\"http:\/\/www.societadeborg.it\/wordpress\/wp-content\/uploads\/2016\/08\/viaggi-culture-con-titoloWEBDEF-309x1024.jpg\" width=\"247\" height=\"819\" \/><\/a><\/p>\n<p><strong>CONDIVIDERE VIAGGI E CULTURE<\/strong><\/p>\n<p>La giornata perfetta raccontata a partire dall\u2019esperienza del viaggio, della migrazione e dal successivo incontro tra e con le culture. Dove regna la vera globalizzazione: quella della curiosit\u00e0 e della solidariet\u00e0. Qualcuno ha detto che nell\u2019uomo . assente la capacit\u00e0 d\u2019amare. E che infatti l\u2019amore \u00e8 qualcosa che ci viene incontro attraverso gli altri. Senza gli altri, la curiosit\u00e0 di aprirsi al diverso e la capacit\u00e0 di condivisione non faremmo esperienza dell\u2019amore che \u2013 a quanto pare \u2013 interessa molto e tutti (almeno a parole). Riuscire ad aprire le proprie porte a chi viene da lontano, qualsiasi sia la sua cultura di provenienza, qualsiasi sia la sua origine significa accettare quelle<\/p>\n<p>opportunit\u00e0 in cui l\u2019amore ci sa venire incontro. Diversamente saremmo svuotati di quella forza vitale. Ecco perch\u00e9 l\u2019inospitale, il chiuso, il bigotto, il razzista \u00e8 difatti un \u201cgi\u00e0-morto\u201d.<\/p>\n<p>&nbsp;<\/p>\n<p><em>Condividere Viaggi e Culture \u00e8 l&#8217;area che ospiter\u00e0&#8230;<\/em><\/p>\n<p>LA STORIA SIAMO NOI, A DUE PASSI O POCO PI\u00d9: una passeggiata in compagnia di Sergio Serafini, guida borghigiana d&#8217;eccezione, per conoscere meglio questa parte di Rimini e le sue storie nascoste, per riscoprire le nostre radici e partire sereni.<\/p>\n<p>VITE IN TRANSITO, INCONTRO TRA CULTURE: grazie all&#8217;omonima associazione, tanti Paesi diversi transiteranno nel borgo con tante storie fatte di arte, musica, profumi per viaggiare lontano facendo appena pochi passi.<\/p>\n<p>VOGLIO ESSERE UN LIBRO: una carrellata di oggetti curiosi in mostra grazie al collezionista Clemente Zanolo, bibliofilo al punto da raccogliere da tutto il mondo oggetti a forma di libro!<\/p>\n<p>&nbsp;<\/p>\n<p>&nbsp;<\/p>\n<p>&nbsp;<\/p>\n<p>&nbsp;<\/p>\n<p><a href=\"http:\/\/www.societadeborg.it\/wordpress\/wp-content\/uploads\/2016\/08\/borgo-con-titoloWEBDEF.jpg\"><img decoding=\"async\" loading=\"lazy\" class=\"alignleft  wp-image-2317\" alt=\"borgo - con titoloWEBDEF\" src=\"http:\/\/www.societadeborg.it\/wordpress\/wp-content\/uploads\/2016\/08\/borgo-con-titoloWEBDEF-309x1024.jpg\" width=\"247\" height=\"819\" \/><\/a><\/p>\n<p><strong>CONDIVIDERE IL BORGO<\/strong><\/p>\n<p>&nbsp;<\/p>\n<p>Il \u201cnostro Borgo\u201d pu\u00f2 essere inteso come un ottimo punto di partenza per condividere un\u2019idea o una costruzione di perfezione. Per chi ancora non lo sapesse, la stessa anima della festa de Borg nasce decenni orsono quando un tanto illuminato quanto temibile progetto di riqualificazione urbana avrebbe previsto la distruzione delle vecchie casette in favore di un pi. moderno e funzionale assetto viario e di edifici in parte destinati all\u2019edilizia anche convenzionata. Erano in effetti i tempi in cui il Borgo mancava per esempio di una rete fognaria effettivamente efficiente e in cui spesso lo si appellava come il Borgo \u201cdella Merda e delle Puttane\u201d. Tuttavia questo tentativo di perfezionamento evidentemente troppo calato dall\u2019alto fece accendere un campanello d\u2019allarme negli abitanti del quartiere. Perch\u00e9 fu come se venisse lentamente alla luce che forse era anche nell\u2019assetto di queste casette una attaccata all\u2019altra dove la condivisione degli spazi risultava quasi forzata, dove la sera si stava fuori con la sedia a fare la veglia, dove le porte d\u2019ingresso &#8211; tutte ai primi piani- mostravano talvolta in modo fin troppo crudo la realt\u00e0 di quei poveri interni&#8230;\u00a0che si celava quella capacit\u00e0 anarchica e naturale a Partecipare, a farsi carico -se non altro nel senso della consapevolezza e del non voltarsi dall\u2019altra parte- della realt\u00e0 propria e di quella degli altri. Per cui la gente del Borgo si rimbocc\u00f2 le maniche e con creativit\u00e0 tent\u00f2 il tutto per tutto per salvare il proprio quartiere, e fece ci\u00f2 nel segno della caratteristica sua pi\u00f9 propria:\u00a0quella della partecipazione e della condivisione. Si invent\u00f2 una festa che aprisse il Borgo alla citt\u00e0 affinch\u00e9 la gente capisse e gli amministratori tutelassero al meglio quel patrimonio di casette sgangherate e puzzolenti. E fu cos\u00ec che il Borgo non fu pi\u00f9 raso al suolo, e quella festa che celebriamo con orgoglio ogni 2 anni divenne per antonomasia la festa di tutti i Riminesi (e non solo!).<\/p>\n<p>&nbsp;<\/p>\n<p><strong>VUOI CONSULTARE IL PROGRAMMA DEGLI SPETTACOLI DIVISO PER VIE E PIAZZETTE? <a href=\"http:\/\/www.societadeborg.it\/\" target=\"_blank\">&gt;&gt;CLICCA QUI&lt;&lt;<\/a><\/strong><\/p>\n<p>&nbsp;<\/p>\n<p>&nbsp;<\/p>\n<p><a href=\"http:\/\/www.societadeborg.it\/wordpress\/wp-content\/uploads\/2016\/08\/1-Mappa-Festa-de-Borg-2016-low-2.jpg\"><img decoding=\"async\" loading=\"lazy\" class=\"alignleft size-large wp-image-2331\" alt=\"1 - Mappa Festa de Borg 2016 low-2\" src=\"http:\/\/www.societadeborg.it\/wordpress\/wp-content\/uploads\/2016\/08\/1-Mappa-Festa-de-Borg-2016-low-2-1024x708.jpg\" width=\"690\" height=\"477\" srcset=\"http:\/\/www.societadeborg.it\/wordpress\/wp-content\/uploads\/2016\/08\/1-Mappa-Festa-de-Borg-2016-low-2-1024x708.jpg 1024w, http:\/\/www.societadeborg.it\/wordpress\/wp-content\/uploads\/2016\/08\/1-Mappa-Festa-de-Borg-2016-low-2-300x207.jpg 300w, http:\/\/www.societadeborg.it\/wordpress\/wp-content\/uploads\/2016\/08\/1-Mappa-Festa-de-Borg-2016-low-2.jpg 2000w\" sizes=\"(max-width: 690px) 100vw, 690px\" \/><\/a> <a href=\"http:\/\/www.societadeborg.it\/wordpress\/wp-content\/uploads\/2016\/08\/2-Mappa-Festa-de-Borg-2016-low-2.jpg\"><img decoding=\"async\" loading=\"lazy\" class=\"alignleft size-large wp-image-2332\" alt=\"2 - Mappa Festa de Borg 2016 low-2\" src=\"http:\/\/www.societadeborg.it\/wordpress\/wp-content\/uploads\/2016\/08\/2-Mappa-Festa-de-Borg-2016-low-2-1024x708.jpg\" width=\"690\" height=\"477\" srcset=\"http:\/\/www.societadeborg.it\/wordpress\/wp-content\/uploads\/2016\/08\/2-Mappa-Festa-de-Borg-2016-low-2-1024x708.jpg 1024w, http:\/\/www.societadeborg.it\/wordpress\/wp-content\/uploads\/2016\/08\/2-Mappa-Festa-de-Borg-2016-low-2-300x207.jpg 300w, http:\/\/www.societadeborg.it\/wordpress\/wp-content\/uploads\/2016\/08\/2-Mappa-Festa-de-Borg-2016-low-2.jpg 2000w\" sizes=\"(max-width: 690px) 100vw, 690px\" \/><\/a><\/p>\n","protected":false},"excerpt":{"rendered":"<p>&nbsp; Abbiamo diviso il borgo in 7 aree tematiche e, nei giorni della festa, vi doteremo di mappa per orientarvi meglio. Nel frattempo ve le raccontiamo e in fondo al post trovate la mappa con la sintesi del programma definitivo! E IL PROGRAMMA DEGLI SPETTACOLI DIVISO PER VIE E PIAZZETTE? &gt;&gt;CLICCA QUI&lt;&lt; &nbsp; CONDIVIDERE IL FUTURO &nbsp; Per noi il Futuro \u00e8 un \u201caugurarsi\u201d che si rimbocca le maniche: I wish you a perfect day. E per noi la perfezione non \u00e8 un valore assoluto o che non muta. La societ\u00e0 perfetta, la comunit\u00e0 perfetta \u00e8 quella in divenire e <a class=\"more-link\" href=\"http:\/\/www.societadeborg.it\/?p=2297\">Leggi tutto<\/a><\/p>\n","protected":false},"author":1,"featured_media":0,"comment_status":"closed","ping_status":"closed","sticky":false,"template":"","format":"standard","meta":[],"categories":[11,22,28],"tags":[33,42,41,39,40],"_links":{"self":[{"href":"http:\/\/www.societadeborg.it\/index.php?rest_route=\/wp\/v2\/posts\/2297"}],"collection":[{"href":"http:\/\/www.societadeborg.it\/index.php?rest_route=\/wp\/v2\/posts"}],"about":[{"href":"http:\/\/www.societadeborg.it\/index.php?rest_route=\/wp\/v2\/types\/post"}],"author":[{"embeddable":true,"href":"http:\/\/www.societadeborg.it\/index.php?rest_route=\/wp\/v2\/users\/1"}],"replies":[{"embeddable":true,"href":"http:\/\/www.societadeborg.it\/index.php?rest_route=%2Fwp%2Fv2%2Fcomments&post=2297"}],"version-history":[{"count":20,"href":"http:\/\/www.societadeborg.it\/index.php?rest_route=\/wp\/v2\/posts\/2297\/revisions"}],"predecessor-version":[{"id":2333,"href":"http:\/\/www.societadeborg.it\/index.php?rest_route=\/wp\/v2\/posts\/2297\/revisions\/2333"}],"wp:attachment":[{"href":"http:\/\/www.societadeborg.it\/index.php?rest_route=%2Fwp%2Fv2%2Fmedia&parent=2297"}],"wp:term":[{"taxonomy":"category","embeddable":true,"href":"http:\/\/www.societadeborg.it\/index.php?rest_route=%2Fwp%2Fv2%2Fcategories&post=2297"},{"taxonomy":"post_tag","embeddable":true,"href":"http:\/\/www.societadeborg.it\/index.php?rest_route=%2Fwp%2Fv2%2Ftags&post=2297"}],"curies":[{"name":"wp","href":"https:\/\/api.w.org\/{rel}","templated":true}]}}