{"id":2085,"date":"2015-12-13T11:57:42","date_gmt":"2015-12-13T11:57:42","guid":{"rendered":"http:\/\/www.societadeborg.it\/?p=2085"},"modified":"2015-12-18T07:02:36","modified_gmt":"2015-12-18T07:02:36","slug":"auguri-amarcor","status":"publish","type":"post","link":"http:\/\/www.societadeborg.it\/?p=2085","title":{"rendered":"AUGURI in AMARCORD"},"content":{"rendered":"<p><a href=\"http:\/\/www.societadeborg.it\/wordpress\/wp-content\/uploads\/2015\/12\/Amarcord-Restaurato-banner.jpg\"><img decoding=\"async\" loading=\"lazy\" class=\"aligncenter size-full wp-image-2087\" alt=\"Amarcord Restaurato banner\" src=\"http:\/\/www.societadeborg.it\/wordpress\/wp-content\/uploads\/2015\/12\/Amarcord-Restaurato-banner.jpg\" width=\"600\" height=\"268\" srcset=\"http:\/\/www.societadeborg.it\/wordpress\/wp-content\/uploads\/2015\/12\/Amarcord-Restaurato-banner.jpg 600w, http:\/\/www.societadeborg.it\/wordpress\/wp-content\/uploads\/2015\/12\/Amarcord-Restaurato-banner-300x134.jpg 300w\" sizes=\"(max-width: 600px) 100vw, 600px\" \/><\/a><br \/>\nNell&#8217;ambito degli eventi organizzati per <a href=\"http:\/\/www.societadeborg.it\/?page_id=2081\"><strong>BorgoNatale 2015<\/strong><\/a>, siete tutti invitati<\/p>\n<p><strong>domenica 20 dicembre 2015 &#8211;\u00a0<\/strong>dalle ore 19:00<br \/>\n<strong>AUGURI in AMARCORD<\/strong><\/p>\n<p><strong>Scambio di auguri natalizi ed aperitivo offerto da La Societ\u00e0 de Borg<\/strong> tra borghigiani e simpatizzanti con aperitivo in <strong>Piazzetta Santa Caterina<\/strong> (nei pressi dell&#8217;Osteria Angolo di vino).<\/p>\n<p>Sorseggiando le birre speciali AMARCORD, al tepore del bracere, annunceremo il <strong>nuovo murales \u00a0&#8211; in tema felliniano &#8211; che sar\u00e0 realizzato dal Kiril Cholackov nella Piazzetta Santa Caterina; <\/strong>l&#8217;opera \u00e8 ispirata ad una celebre scena tratta dal film &#8220;Amarcord&#8221; ed \u00e8 stata pensata quale omaggio del 40 anniversario dell&#8217;uscita in sala.<\/p>\n<p>A seguire, <strong>ore 21:00, proiezione del film &#8220;AMARCORD&#8221; di Federico Fellini nella <a href=\"http:\/\/www.cinematiberio.it\/5354\/amarcord\/\">nuova versione restaurata in 4K<\/a><\/strong><a href=\"http:\/\/www.cinematiberio.it\/5354\/amarcord\/\"> presso il Cinema Tiberio<\/a> (ingresso a pagamento: interi \u20ac 5,00 \u2013 ridotti riservati ai Soci SDB \u20ac 3,00).<\/p>\n<p>L&#8217;aperitivo \u00e8 offerto in collaborazione con BIRRA AMARCORD, Osteria ANGOLO DI VINO, Ristorante LA MARIANNA, Enoteca del Teatro.<\/p>\n<p>Vi aspettiamo per far festa insieme a noi!<\/p>\n<p>BUONE FESTE A TUTTI I NOSTRI SOCI ED AMICI!<\/p>\n<p><a href=\"http:\/\/www.societadeborg.it\/wordpress\/wp-content\/uploads\/2015\/12\/amrcordfamigliapranzo01.jpg\"><img decoding=\"async\" loading=\"lazy\" class=\"aligncenter size-full wp-image-2086\" alt=\"amrcordfamigliapranzo01\" src=\"http:\/\/www.societadeborg.it\/wordpress\/wp-content\/uploads\/2015\/12\/amrcordfamigliapranzo01.jpg\" width=\"800\" height=\"432\" srcset=\"http:\/\/www.societadeborg.it\/wordpress\/wp-content\/uploads\/2015\/12\/amrcordfamigliapranzo01.jpg 800w, http:\/\/www.societadeborg.it\/wordpress\/wp-content\/uploads\/2015\/12\/amrcordfamigliapranzo01-300x162.jpg 300w\" sizes=\"(max-width: 800px) 100vw, 800px\" \/><\/a><\/p>\n","protected":false},"excerpt":{"rendered":"<p>Nell&#8217;ambito degli eventi organizzati per BorgoNatale 2015, siete tutti invitati domenica 20 dicembre 2015 &#8211;\u00a0dalle ore 19:00 AUGURI in AMARCORD Scambio di auguri natalizi ed aperitivo offerto da La Societ\u00e0 de Borg tra borghigiani e simpatizzanti con aperitivo in Piazzetta Santa Caterina (nei pressi dell&#8217;Osteria Angolo di vino). Sorseggiando le birre speciali AMARCORD, al tepore del bracere, annunceremo il nuovo murales \u00a0&#8211; in tema felliniano &#8211; che sar\u00e0 realizzato dal Kiril Cholackov nella Piazzetta Santa Caterina; l&#8217;opera \u00e8 ispirata ad una celebre scena tratta dal film &#8220;Amarcord&#8221; ed \u00e8 stata pensata quale omaggio del 40 anniversario dell&#8217;uscita in sala. A <a class=\"more-link\" href=\"http:\/\/www.societadeborg.it\/?p=2085\">Leggi tutto<\/a><\/p>\n","protected":false},"author":1,"featured_media":0,"comment_status":"closed","ping_status":"closed","sticky":false,"template":"","format":"standard","meta":[],"categories":[24,28],"tags":[],"_links":{"self":[{"href":"http:\/\/www.societadeborg.it\/index.php?rest_route=\/wp\/v2\/posts\/2085"}],"collection":[{"href":"http:\/\/www.societadeborg.it\/index.php?rest_route=\/wp\/v2\/posts"}],"about":[{"href":"http:\/\/www.societadeborg.it\/index.php?rest_route=\/wp\/v2\/types\/post"}],"author":[{"embeddable":true,"href":"http:\/\/www.societadeborg.it\/index.php?rest_route=\/wp\/v2\/users\/1"}],"replies":[{"embeddable":true,"href":"http:\/\/www.societadeborg.it\/index.php?rest_route=%2Fwp%2Fv2%2Fcomments&post=2085"}],"version-history":[{"count":5,"href":"http:\/\/www.societadeborg.it\/index.php?rest_route=\/wp\/v2\/posts\/2085\/revisions"}],"predecessor-version":[{"id":2094,"href":"http:\/\/www.societadeborg.it\/index.php?rest_route=\/wp\/v2\/posts\/2085\/revisions\/2094"}],"wp:attachment":[{"href":"http:\/\/www.societadeborg.it\/index.php?rest_route=%2Fwp%2Fv2%2Fmedia&parent=2085"}],"wp:term":[{"taxonomy":"category","embeddable":true,"href":"http:\/\/www.societadeborg.it\/index.php?rest_route=%2Fwp%2Fv2%2Fcategories&post=2085"},{"taxonomy":"post_tag","embeddable":true,"href":"http:\/\/www.societadeborg.it\/index.php?rest_route=%2Fwp%2Fv2%2Ftags&post=2085"}],"curies":[{"name":"wp","href":"https:\/\/api.w.org\/{rel}","templated":true}]}}